{"id":76,"date":"2011-08-21T20:55:07","date_gmt":"2011-08-21T20:55:07","guid":{"rendered":"https:\/\/diegolopezmedina.net\/prensa\/?p=76"},"modified":"2020-06-26T20:57:46","modified_gmt":"2020-06-26T20:57:46","slug":"democracia-real-ya","status":"publish","type":"post","link":"https:\/\/diegolopezmedina.net\/prensa\/index.php\/2011\/08\/21\/democracia-real-ya\/","title":{"rendered":"\u00a1Democracia real ya!"},"content":{"rendered":"\n<blockquote class=\"wp-block-quote\"><p>La crisis econ\u00f3mica se ha dejado sentir en toda Europa con una fuerza impresionante. As\u00ed lo manifiestan todos los sectores sociales, que ven el futuro con enorme aprehensi\u00f3n. En este contexto, la Espa\u00f1a \u201cdemocr\u00e1tica\u201d entr\u00f3 en el pasado mayo en su ciclo electoral ordinario, que produjo ya el recambio de las administraciones municipales y, en una fecha a\u00fan incierta, deber\u00e1 convocar a elecciones de gobierno nacional.<\/p><\/blockquote>\n\n\n\n<p>Todo normal hasta ah\u00ed: unos d\u00edas antes de las elecciones locales, sin embargo, pas\u00f3 algo muy interesante. Una serie de personas que se auto definen como \u201cciudadanos de a pie\u201d, \u201ccom\u00fan y corrientes\u201d, \u201cgente como t\u00fa\u201d empezaron a convocar a trav\u00e9s de las redes sociales a una serie de manifestaciones (a la postre inesperadamente masivas y exitosas), en las que ped\u00edan a la ciudadan\u00eda que se abstuviera de votar en las elecciones municipales del 22 de mayo (o 22-M en las siglas que est\u00e1n de moda en Espa\u00f1a) y que recuperar\u00e1n la democracia de las manos de los partidos y de los banqueros que, en su opini\u00f3n, la han cooptado en desmedro de las grandes masas de opini\u00f3n. Piden \u201c\u00a1democracia real ya!\u201d, en uno de los esl\u00f3ganes que utilizan en sus marchas y asambleas.<ins><\/ins><\/p>\n\n\n\n<p>En sus documentos y conversando con algunos de ellos se definen como una red social difusa de movilizaci\u00f3n social: hacen notar, con orgullo, que no tienen l\u00edderes visibles y que ning\u00fan partido o sindicato puede reclamarlos como propios. Para atender las funciones propias de la movilizaci\u00f3n y el activismo, se estructuran en \u201ccomit\u00e9s\u201d, y es f\u00e1cil sentir un esp\u00edritu igualitario y fraterno. Organizan marchas tan notorias como las del 15-M y 19-J, en las que se manifestaron contra el Pacto del Euro, reclamando para los Estados nacionales la recuperaci\u00f3n de cierta libertad macroecon\u00f3mica. Son, en t\u00e9rminos generales, medioambientalistas y, por tanto, le reprochan al capitalismo la sobreexplotaci\u00f3n del planeta y la construcci\u00f3n de individuos hiperconsumistas; reclaman trabajo estable y digno frente a las incertidumbres del porvenir; establecen como derechos fundamentales prioritarios de la ciudadan\u00eda la salud, la educaci\u00f3n y el derecho (innovador por dem\u00e1s) de \u201cconsumir aquellos bienes necesarios para la vida\u201d; al mismo tiempo, sin embargo, le reprochan al Estado la creaci\u00f3n de una extensa burocracia parasitaria y reclaman m\u00e1s espacios e incentivos para las pymes, donde ven la verdadera creaci\u00f3n de riqueza social. Es decir, son proempresariales, pero, al mismo tiempo, reclaman el derecho colectivo de acceder a la cultura (especialmente en los medios electr\u00f3nicos) y, por tanto, se oponen a los esfuerzos de \u201cpropietizaci\u00f3n\u201d de los contenidos culturales, que en Espa\u00f1a se concretaron en la \u201cLey Sinde\u201d y que en Colombia encuentran eco en la llamada \u201cLey Lleras\u201d.<\/p>\n\n\n\n<p>Para poder atraer un espectro ciudadano muy amplio, no tienen posiciones dogm\u00e1ticas en pol\u00edtica: renuncian a la violencia en todas sus formas; no se definen de derecha ni de izquierda; no tienen posiciones definidas en temas religiosos; en \u00faltimas evitan repetir los puntos de quiebre de la polarizada pol\u00edtica de partidos espa\u00f1ola para denunciar la existencia de un duopolio al que denominan PPSOE (en una expresiva uni\u00f3n de las siglas de \u201cpopulares\u201d y \u201csocialistas\u201d).<\/p>\n\n\n\n<p>De sus expresiones pol\u00edticas, las m\u00e1s interesantes quiz\u00e1s sean las \u201casambleas barriales\u201d: organizados especialmente en las capitales provinciales de Espa\u00f1a, los ciudadanos salen a las plazas de sus barrios a discutir, usualmente los s\u00e1bados en la tarde, temas locales y nacionales de inter\u00e9s. Corteses, disciplinadas y tolerantes, las asambleas han roto con la agitaci\u00f3n y griter\u00eda de las movilizaciones sindicales y sociales cl\u00e1sicas. Exigen consensos para la toma de decisiones; permanecen siempre abiertas para el que quiera llegar al \u201c\u00e1gora\u201d; han adoptado el lenguaje de signos para manifestar apoyo o cr\u00edtica al expositor; no imponen, por ahora, ninguna ortodoxia pol\u00edtica o ideol\u00f3gica. Hablan con libertad personas de izquierda o derecha que, sin embargo, parecen estar c\u00f3modas en el sentido pol\u00edtico general del movimiento.<\/p>\n\n\n\n<p>En lo sustantivo, debaten, por ejemplo, sobre las reacciones de la prensa a su movilizaci\u00f3n y organizan su estrategia medi\u00e1tica; hablan de la consecuci\u00f3n de \u201cacuerdos m\u00ednimos\u201d entre los que est\u00e1 una reforma a la ley electoral que hoy les da excesiva preponderancia a los partidos pol\u00edticos. Esta \u201creforma pol\u00edtica\u201d va en exacta contradicci\u00f3n a lo que hemos venido haciendo en Colombia: para liberarnos de los \u201cmovimientos pol\u00edticos\u201d, fortalecimos los \u201cpartidos\u201d; en Espa\u00f1a, cansados de los \u201cpartidos\u201d, buscan fortalecer a la ciudadan\u00eda.&nbsp;<\/p>\n\n\n\n<p>Los movimientos ciudadanos se han constituido en una fuerza pol\u00edtica imposible de negar en el convulso verano europeo del 2011. Sus documentos, estrategia y manifestaciones ya son parte del acervo ideol\u00f3gico con el que tendremos que lidiar la pol\u00edtica del futuro. Nos llaman, de nuevo, a que tengamos una democracia real ya, especialmente cuando ello se les olvida a las \u00e9lites econ\u00f3micas y pol\u00edticas.<\/p>\n","protected":false},"excerpt":{"rendered":"<p>La crisis econ\u00f3mica se ha dejado sentir en toda Europa con una fuerza impresionante. As\u00ed lo manifiestan todos los sectores sociales, que ven el futuro con enorme aprehensi\u00f3n. En este&hellip;<\/p>\n","protected":false},"author":1,"featured_media":77,"comment_status":"open","ping_status":"open","sticky":false,"template":"","format":"standard","meta":[],"categories":[1],"tags":[],"_links":{"self":[{"href":"https:\/\/diegolopezmedina.net\/prensa\/index.php\/wp-json\/wp\/v2\/posts\/76"}],"collection":[{"href":"https:\/\/diegolopezmedina.net\/prensa\/index.php\/wp-json\/wp\/v2\/posts"}],"about":[{"href":"https:\/\/diegolopezmedina.net\/prensa\/index.php\/wp-json\/wp\/v2\/types\/post"}],"author":[{"embeddable":true,"href":"https:\/\/diegolopezmedina.net\/prensa\/index.php\/wp-json\/wp\/v2\/users\/1"}],"replies":[{"embeddable":true,"href":"https:\/\/diegolopezmedina.net\/prensa\/index.php\/wp-json\/wp\/v2\/comments?post=76"}],"version-history":[{"count":1,"href":"https:\/\/diegolopezmedina.net\/prensa\/index.php\/wp-json\/wp\/v2\/posts\/76\/revisions"}],"predecessor-version":[{"id":78,"href":"https:\/\/diegolopezmedina.net\/prensa\/index.php\/wp-json\/wp\/v2\/posts\/76\/revisions\/78"}],"wp:featuredmedia":[{"embeddable":true,"href":"https:\/\/diegolopezmedina.net\/prensa\/index.php\/wp-json\/wp\/v2\/media\/77"}],"wp:attachment":[{"href":"https:\/\/diegolopezmedina.net\/prensa\/index.php\/wp-json\/wp\/v2\/media?parent=76"}],"wp:term":[{"taxonomy":"category","embeddable":true,"href":"https:\/\/diegolopezmedina.net\/prensa\/index.php\/wp-json\/wp\/v2\/categories?post=76"},{"taxonomy":"post_tag","embeddable":true,"href":"https:\/\/diegolopezmedina.net\/prensa\/index.php\/wp-json\/wp\/v2\/tags?post=76"}],"curies":[{"name":"wp","href":"https:\/\/api.w.org\/{rel}","templated":true}]}}