{"id":193,"date":"2009-08-10T01:29:43","date_gmt":"2009-08-10T01:29:43","guid":{"rendered":"https:\/\/diegolopezmedina.net\/prensa\/?p=193"},"modified":"2020-07-29T01:31:29","modified_gmt":"2020-07-29T01:31:29","slug":"historias-de-politica-y-legalidad-en-el-caribe","status":"publish","type":"post","link":"https:\/\/diegolopezmedina.net\/prensa\/index.php\/2009\/08\/10\/historias-de-politica-y-legalidad-en-el-caribe\/","title":{"rendered":"Historias de pol\u00edtica y legalidad en el Caribe"},"content":{"rendered":"\n<blockquote class=\"wp-block-quote\"><p>\u201cAunque el Derecho es siempre manifestaci\u00f3n del poder, incluso de los constitucionalismos liberales, esta simbiosis es particularmente brutal en el caso de las dictaduras\u201d<\/p><\/blockquote>\n\n\n\n<p>El derecho de las Am\u00e9ricas obedece, en gran parte, a influencias comunes. Ello es particularmente visible en el Caribe hisp\u00e1nico, que debido o a su cercan\u00eda comercial y cultural con Europa, sinti\u00f3 en primer lugar la llegada de corrientes jur\u00eddicas europeas que tardaron m\u00e1s tiempo en encontrar su lugar en el continente.<\/p>\n\n\n\n<p>Rep\u00fablica Dominicana es el pa\u00eds de la regi\u00f3n que quiz\u00e1s haya sufrido con mayor fuerza las garras del neocolonialismo. Independizada originalmente de Espa\u00f1a, en 1821, su vida independiente fue interrumpida en diversos momentos: en un dato sorprendente, los independentistas de 1821 anexaron la colonia de Santo Domingo a la Nueva Granada, por considerar que en esa uni\u00f3n pod\u00edan lograr el poder suficiente que garantizara la endeble independencia.<\/p>\n\n\n\n<p>Este experimento, como es obvio, dur\u00f3 poco: en 1822, los haitianos ocuparon la parte occidental de la isla, trayendo con ellos el C\u00f3digo de Napole\u00f3n. En 1844, los dominicanos lograron expulsar a los haitianos, pero retuvieron el C\u00f3digo de Napole\u00f3n, que, en su edici\u00f3n original en franc\u00e9s, continu\u00f3 vigente hasta 1884, cuando apenas se realiz\u00f3 la traducci\u00f3n al espa\u00f1ol, que sigue rigiendo hoy.<\/p>\n\n\n\n<p>No sorprende constatar, por tanto, que las bibliotecas de Derecho de Rep\u00fablica Dominicana tengan una de las mejores memorias del Derecho franc\u00e9s del siglo XIX. Comparados con la Rep\u00fablica insular, nuestra francofilia es postiza y lejana.<\/p>\n\n\n\n<p>Rep\u00fablica Dominicana es quiz\u00e1s el \u00fanico pa\u00eds de las Am\u00e9ricas que fue reconquistado por Espa\u00f1a, as\u00ed fuese brevemente, entre los a\u00f1os 1861 y 1865. Con posterioridad, como es bien sabido, EE UU ocup\u00f3 la isla y su administraci\u00f3n p\u00fablica y tributaria, con el prop\u00f3sito de garantizar el pago de las deudas contra\u00eddas con acreedores de ese pa\u00eds. La pobreza y la desinstitucionalizaci\u00f3n de la isla llev\u00f3 a que los norteamericanos, a su salida del territorio insular, dejaran en el poder al comandante del Ej\u00e9rcito, que era entonces su principal aliado local. As\u00ed es como, a grandes trazos, lleg\u00f3 al poder Rafael Leonidas Trujillo.<\/p>\n\n\n\n<p>Aunque el Derecho es siempre manifestaci\u00f3n del poder, incluso de los constitucionalismos liberales, esta simbiosis es particularmente brutal en el caso de las dictaduras. Aunque las nuevas generaciones no tienen recuerdos claros del Trujillato, la memoria pol\u00edtica y jur\u00eddica de los dominicanos est\u00e1 llena de historias que resultan muy aleccionadoras.<\/p>\n\n\n\n<p>Vean esta primera: un jurista y comparatista espa\u00f1ol desconocido pero de gran importancia, Jes\u00fas de Gal\u00edndez, termin\u00f3 en la Universidad de Columbia su tesis doctoral titulada La era de Trujillo: un estudio casu\u00edstico de dictadura hispanoamericana, donde detalla la estrategia econ\u00f3mica de Trujillo. Este mismo jurista espa\u00f1ol, exiliado de la Espa\u00f1a franquista y luego de la Dominicana trujillista, hab\u00eda escrito un libro extraordinario titulado La inestabilidad constitucional en el Derecho comparado en Latinoam\u00e9rica. Seg\u00fan la tesis de De Gal\u00edndez, Trujillo captur\u00f3 el aparato econ\u00f3mico del pa\u00eds para provecho propio, privatizando la inversi\u00f3n del sector privado que iba a terminar finalmente en sus bolsillos. As\u00ed, en los a\u00f1os cuarenta, se empezaron a tender los hilos de electricidad en la ciudad de Santo Domingo. En un fen\u00f3meno todav\u00eda com\u00fan en nuestros pa\u00edses, gran parte de la poblaci\u00f3n \u201crobaba\u201d la electricidad, sacando de las l\u00edneas de distribuci\u00f3n peque\u00f1os cables, en donde conectaban dos o tres bombillos y el creciente n\u00famero de electrodom\u00e9sticos blancos que marcaron el paso a la modernidad. Un buen d\u00eda, mediante decreto, Trujillo decidi\u00f3 \u201ccomprar\u201d la empresa. Ese mismo d\u00eda, y he aqu\u00ed lo sorprendente, muchos dominicanos de los que acced\u00edan ilegalmente a la energ\u00eda el\u00e9ctrica, decidieron acudir ante las oficinas de la empresa a legalizar su situaci\u00f3n. Seg\u00fan me cont\u00f3 un dominicano de la \u00e9poca, en una sentencia memorable, \u201cuna cosa era robar la luz, pero otra muy distinta era robar la luz de Trujillo\u201d.<\/p>\n\n\n\n<p>Una digresi\u00f3n que no puedo resistir: De Gal\u00edndez desapareci\u00f3 de Nueva York un buen d\u00eda, antes de publicar su tesis doctoral. Todo el mundo concuerda en que fue secuestrado por los servicios de seguridad de Trujillo, llevado a la isla y prematuramente \u201cjubilado\u201d. Nadie lo ha encontrado a\u00fan. El escritor espa\u00f1ol Manuel V\u00e1squez Montalb\u00e1n tiene una estupenda novela sobre el affaire De Gal\u00edndez, que recomiendo a los lectores.<\/p>\n\n\n\n<p>Con otro decreto de esos, Trujillo adquiri\u00f3 otro buen d\u00eda el control de la productora nacional de zapatos. A los pocos d\u00edas, \u00a1oh sorpresa!, otro desinteresado decreto hizo obligatorio que los campesinos dominicanos, acostumbrados a caminar sus tierras a \u201cpata pel\u00e1\u201d, calzaran ahora zapatos. La polic\u00eda, acuciosa, empez\u00f3 a detener a los campesinos descalzos, para castigar las violaciones de la ley. Muchos campesinos se resist\u00edan a calzarse los zapatos: el h\u00e1bito era imposible de vencer o, m\u00e1s crudamente, sus pies cuarteados y abiertos no cab\u00edan en ninguna horma. Finalmente, con malicia ind\u00edgena, se encontr\u00f3 una sabia negociaci\u00f3n entre los sabios mandatos de la autoridad y la desobediencia civil: con los lazos de los zapatos los campesinos se los amarraban al cuello y as\u00ed andaban por el mundo sin que ahora la polic\u00eda se molestara en detenerlos.<\/p>\n\n\n\n<p>Hablando con dominicanos, da la impresi\u00f3n de que la imagen de Trujillo todav\u00eda representa una fuente importante de autoridad. Sus enemigos m\u00e1s ac\u00e9rrimos reconocen que cre\u00f3 alguna figura de poder estatal cuando antes no exist\u00eda ninguna; todos, al mismo tiempo, se apresuran en denunciar que la autoridad de Trujillo nunca cont\u00f3 con legitimidad y que su Derecho, como quiz\u00e1s cuentan estas peque\u00f1as an\u00e9cdotas que acabo de relatar, no era m\u00e1s que miedo y zozobra.<\/p>\n","protected":false},"excerpt":{"rendered":"<p>\u201cAunque el Derecho es siempre manifestaci\u00f3n del poder, incluso de los constitucionalismos liberales, esta simbiosis es particularmente brutal en el caso de las dictaduras\u201d El derecho de las Am\u00e9ricas obedece,&hellip;<\/p>\n","protected":false},"author":1,"featured_media":0,"comment_status":"open","ping_status":"open","sticky":false,"template":"","format":"standard","meta":[],"categories":[1],"tags":[],"_links":{"self":[{"href":"https:\/\/diegolopezmedina.net\/prensa\/index.php\/wp-json\/wp\/v2\/posts\/193"}],"collection":[{"href":"https:\/\/diegolopezmedina.net\/prensa\/index.php\/wp-json\/wp\/v2\/posts"}],"about":[{"href":"https:\/\/diegolopezmedina.net\/prensa\/index.php\/wp-json\/wp\/v2\/types\/post"}],"author":[{"embeddable":true,"href":"https:\/\/diegolopezmedina.net\/prensa\/index.php\/wp-json\/wp\/v2\/users\/1"}],"replies":[{"embeddable":true,"href":"https:\/\/diegolopezmedina.net\/prensa\/index.php\/wp-json\/wp\/v2\/comments?post=193"}],"version-history":[{"count":1,"href":"https:\/\/diegolopezmedina.net\/prensa\/index.php\/wp-json\/wp\/v2\/posts\/193\/revisions"}],"predecessor-version":[{"id":194,"href":"https:\/\/diegolopezmedina.net\/prensa\/index.php\/wp-json\/wp\/v2\/posts\/193\/revisions\/194"}],"wp:attachment":[{"href":"https:\/\/diegolopezmedina.net\/prensa\/index.php\/wp-json\/wp\/v2\/media?parent=193"}],"wp:term":[{"taxonomy":"category","embeddable":true,"href":"https:\/\/diegolopezmedina.net\/prensa\/index.php\/wp-json\/wp\/v2\/categories?post=193"},{"taxonomy":"post_tag","embeddable":true,"href":"https:\/\/diegolopezmedina.net\/prensa\/index.php\/wp-json\/wp\/v2\/tags?post=193"}],"curies":[{"name":"wp","href":"https:\/\/api.w.org\/{rel}","templated":true}]}}