{"id":189,"date":"2017-07-29T01:25:00","date_gmt":"2017-07-29T01:25:00","guid":{"rendered":"https:\/\/diegolopezmedina.net\/prensa\/?p=189"},"modified":"2020-07-29T01:27:11","modified_gmt":"2020-07-29T01:27:11","slug":"el-general-en-su-laberinto","status":"publish","type":"post","link":"https:\/\/diegolopezmedina.net\/prensa\/index.php\/2017\/07\/29\/el-general-en-su-laberinto\/","title":{"rendered":"El general en su laberinto"},"content":{"rendered":"\n<blockquote class=\"wp-block-quote\"><p>\u201c\u2026el movimiento internacional de derechos humanos estar\u00eda haciendo de la justicia de Guatemala un laboratorio de experimentaci\u00f3n en la investigaci\u00f3n y persecuci\u00f3n del delito de genocidio\u201d.<\/p><\/blockquote>\n\n\n\n<p>Guatemala est\u00e1 viviendo por estos d\u00edas un episodio m\u00e1s de su lento y polarizado \u201cposconflicto\u201d. Luego de muchos dimes y diretes, finalmente se ha iniciado el juicio en contra del expresidente Efra\u00edn R\u00edos Montt, que lleg\u00f3 al poder mediante golpe militar de estado y gobern\u00f3 al pa\u00eds durante los a\u00f1os 1982 y 1983. El juicio en su contra es quiz\u00e1s el primero que se intenta en Am\u00e9rica Latina por el delito de genocidio: se le acusa de haber utilizado t\u00e1cticas de tierra arrasada y con intenci\u00f3n etnocida en contra del pueblo Ixil, que habita en el departamento del Quich\u00e9, en el altiplano central guatemalteco. Durante su corto mandato, algunas cifras llegan a hablar de 200.000 personas muertas y cerca de un mill\u00f3n de exiliados y desplazados.<\/p>\n\n\n\n<p>El juicio ha dividido, una vez m\u00e1s, a la opini\u00f3n p\u00fablica guatemalteca: el presidente de la Rep\u00fablica, Otto P\u00e9rez, afirm\u00f3 que lo ocurrido en Alemania durante la Segunda Guerra Mundial s\u00ed hab\u00eda sido genocidio, pero que era \u201cinsultante\u201d afirmar que tal era el caso en Guatemala. Aunque nadie sale abiertamente en defensa del exdictador, una fracci\u00f3n de la opini\u00f3n p\u00fablica piensa que se trata de un juicio tard\u00edo, revanchista y excesivamente politizado que culminar\u00e1 con su segura condena. Agentes de esta \u201crevancha\u201d ser\u00edan una cierta alianza entre la izquierda desmovilizada guatemalteca y el movimiento internacional de derechos humanos que estar\u00eda haciendo de la justicia de Guatemala un laboratorio de experimentaci\u00f3n en la investigaci\u00f3n y persecuci\u00f3n del delito de genocidio, que figura como pieza central de un naciente y vigoroso derecho penal internacional.<\/p>\n\n\n\n<p>Para otro sector muy importante de la opini\u00f3n p\u00fablica, el juicio a R\u00edos Montt es parte del necesario esfuerzo por completar el proceso de paz que qued\u00f3 inacabado desde hace varios a\u00f1os. La guerrilla y el gobierno firmaron acuerdos de paz entre 1991 y 1996 en los que se planteaba una refundaci\u00f3n constitucional de la Naci\u00f3n. Estos acuerdos se consideran parcialmente fallidos porque nunca se alcanz\u00f3 a formalizarlos en instrumentos jur\u00eddicos vinculantes que permitieran su operatividad. En 1999, de hecho, estos acuerdos fueron negados en un referendo popular. La guerrilla se desmoviliz\u00f3 a su sombra, pero nunca alcanzaron el grado de institucionalizaci\u00f3n que hab\u00edan previsto durante su negociaci\u00f3n y firma. La interpretaci\u00f3n mayoritaria de la izquierda es que el Estado \u201cles puso conejo\u201d; la derecha piensa que los acuerdos se derrotaron a s\u00ed mismos por su excesivo utopismo y grandilocuencia. As\u00ed, con unos acuerdos que funcionan como documentos pol\u00edticos generales, pero no como acuerdos constitucionales en sentido propio, la sociedad guatemalteca ha tenido un posconflicto ideol\u00f3gicamente polarizado donde la poblaci\u00f3n ind\u00edgena ha buscado redefinirse de manera aut\u00f3noma frente al peonaje al que se vio sometida, tanto por los se\u00f1ores de la tierra como por los se\u00f1ores de la guerra.<\/p>\n\n\n\n<p>El juicio penal oral se inici\u00f3 hace pocos d\u00edas ante un juez de la jurisdicci\u00f3n de \u201cmayor riesgo\u201d. Con esta figura, el Estado guatemalteco ha querido formar a una serie de jueces \u201c\u00e9lite\u201d que por preparaci\u00f3n, confianza y apoyo pol\u00edtico-social, puedan llevar a cabo los juicios penales m\u00e1s sensibles: aquellos derivados del conflicto armado interno, y la amenaza tremenda para la seguridad de Guatemala que representan la narcocriminalidad, las \u201cmaras\u201d y otros tipos de organizaciones dedicadas a la extorsi\u00f3n en las barriadas y los pueblos. Cuando se conversa m\u00e1s de cerca con estos jueces de \u00e9lite, no deja uno de pensar en la terrible soledad con que tienen que enfrentar estos desaf\u00edos: en abstracto, antes del juicio, todo el mundo les promete confianza y apoyo; una vez iniciados, la sociedad misma se polariza y se amedranta frente a actores que son todav\u00eda tremendamente poderosos.<\/p>\n\n\n\n<p>Los juzgados de alto riesgo tienen instalaciones de esas que es frecuente encontrarse en los juicios antiterrorismo en Espa\u00f1a. M\u00faltiples acusados se sientan en jaulas colectivas, con vidrios antibalas, detectores de metales a la entrada y una horda de custodios ferozmente armados (con los mismos Kalishnikov sovi\u00e9ticos de la guerra) en un esfuerzo por sopesar la publicidad de los juicios orales y la necesaria seguridad que estos deben ofrecer a todos sus asistentes.<\/p>\n\n\n\n<p>En este contexto, tuve ocasi\u00f3n de presenciar el arranque del juicio de R\u00edos Montt: en su primera intervenci\u00f3n, el General despide a su abogado de confianza y nombra a otro. Una vez posesionado este, su primera maniobra es recusar a los jueces por lo que califica es la grave y p\u00fablica enemistad que existe entre ellos a lo largo de a\u00f1os de litigio. Los jueces rechazan la maniobra: la mayor parte de abogados de la derecha se rasgan las vestiduras por la violaci\u00f3n al debido proceso; los de la izquierda se halan los cabellos por la en\u00e9sima maniobra para retardar ileg\u00edtimamente el juicio. Sin abogado de la defensa avanz\u00f3 al menos un d\u00eda de testimonios de cargo: las historias de los horrores de los miles de miembros de la etnia Ixil que efectivamente fueron eliminados entre 1982 y 1983.<\/p>\n\n\n\n<p>Por la noche, luego de ver este pedazo de historia guatemalteca, me cruc\u00e9 por pura coincidencia con un delf\u00edn del clan del presidente-dictador. \u00c9l me pone \u00e9nfasis en sus apellidos y yo, evitando un impasse que me parece embarazoso, le digo que efectivamente mucho se lee sobre ellos en la prensa de estos d\u00edas. Un comentario como para escabullirme, o al menos ofrecerle una salida a mi interlocutor. Su respuesta me quita toda esperanza: \u201cPues s\u00ed, R\u00edos Montt est\u00e1 en la prensa todos los d\u00edas; pero al menos soy miembro de una familia presidencial\u201d.<\/p>\n","protected":false},"excerpt":{"rendered":"<p>\u201c\u2026el movimiento internacional de derechos humanos estar\u00eda haciendo de la justicia de Guatemala un laboratorio de experimentaci\u00f3n en la investigaci\u00f3n y persecuci\u00f3n del delito de genocidio\u201d. Guatemala est\u00e1 viviendo por&hellip;<\/p>\n","protected":false},"author":1,"featured_media":0,"comment_status":"open","ping_status":"open","sticky":false,"template":"","format":"standard","meta":[],"categories":[1],"tags":[],"_links":{"self":[{"href":"https:\/\/diegolopezmedina.net\/prensa\/index.php\/wp-json\/wp\/v2\/posts\/189"}],"collection":[{"href":"https:\/\/diegolopezmedina.net\/prensa\/index.php\/wp-json\/wp\/v2\/posts"}],"about":[{"href":"https:\/\/diegolopezmedina.net\/prensa\/index.php\/wp-json\/wp\/v2\/types\/post"}],"author":[{"embeddable":true,"href":"https:\/\/diegolopezmedina.net\/prensa\/index.php\/wp-json\/wp\/v2\/users\/1"}],"replies":[{"embeddable":true,"href":"https:\/\/diegolopezmedina.net\/prensa\/index.php\/wp-json\/wp\/v2\/comments?post=189"}],"version-history":[{"count":1,"href":"https:\/\/diegolopezmedina.net\/prensa\/index.php\/wp-json\/wp\/v2\/posts\/189\/revisions"}],"predecessor-version":[{"id":190,"href":"https:\/\/diegolopezmedina.net\/prensa\/index.php\/wp-json\/wp\/v2\/posts\/189\/revisions\/190"}],"wp:attachment":[{"href":"https:\/\/diegolopezmedina.net\/prensa\/index.php\/wp-json\/wp\/v2\/media?parent=189"}],"wp:term":[{"taxonomy":"category","embeddable":true,"href":"https:\/\/diegolopezmedina.net\/prensa\/index.php\/wp-json\/wp\/v2\/categories?post=189"},{"taxonomy":"post_tag","embeddable":true,"href":"https:\/\/diegolopezmedina.net\/prensa\/index.php\/wp-json\/wp\/v2\/tags?post=189"}],"curies":[{"name":"wp","href":"https:\/\/api.w.org\/{rel}","templated":true}]}}