{"id":108,"date":"2013-02-12T00:09:00","date_gmt":"2013-02-12T00:09:00","guid":{"rendered":"https:\/\/diegolopezmedina.net\/prensa\/?p=108"},"modified":"2020-07-20T00:14:57","modified_gmt":"2020-07-20T00:14:57","slug":"fue-correcto-el-acto-de-policia","status":"publish","type":"post","link":"https:\/\/diegolopezmedina.net\/prensa\/index.php\/2013\/02\/12\/fue-correcto-el-acto-de-policia\/","title":{"rendered":"\u00bfFue correcto el acto de polic\u00eda?"},"content":{"rendered":"\n<blockquote class=\"wp-block-quote\"><p>En la columna anterior cont\u00e9 los detalles de un choque simple de tr\u00e1nsito en el que me vi involucrado y la forma como lo resolvi\u00f3 un polic\u00eda que fue testigo del mismo. Le ped\u00ed a los lectores que me dieran sus impresiones y debo decir que me sorprendi\u00f3 el n\u00famero de personas que me escribieron. Les agradezco a todos las interesantes contribuciones que a continuaci\u00f3n paso a resumir. Aquellos de ustedes que quieran recordar el caso, pueden leerlo en\u00a0<a href=\"http:\/\/www.ambitojuridico.com\/\">www.ambitojuridico.com<\/a>.<\/p><\/blockquote>\n\n\n\n<p>Como era previsible, las opiniones se dividieron entre aquellos que le exigir\u00edan al polic\u00eda una actuaci\u00f3n \u201cestricta\u201d que llevar\u00eda a la \u201cformalizaci\u00f3n\u201d del conflicto y a la imposici\u00f3n de sanciones, frente a aquellos otros que admiten y celebran cierto uso de la discrecionalidad conducente a la conciliaci\u00f3n y arreglo pronto de las reclamaciones. La primera parece defender un principio estricto de legalidad, mientras los segundos piensan que se trat\u00f3, en expresi\u00f3n de una lectora, de una buena manifestaci\u00f3n del \u201cderecho de los de a pie\u201d.<\/p>\n\n\n\n<p>Empecemos por la versi\u00f3n estricta: en su formulaci\u00f3n m\u00e1s extrema arrancan identificando la norma del C\u00f3digo Nacional de Tr\u00e1nsito que el taxista viol\u00f3. Exigen que el polic\u00eda haya levantado el croquis y haya impuesto la multa por la invasi\u00f3n de carril. Para algunos la detecci\u00f3n \u201coficiosa\u201d del remarcado de llantas les parece cercana al \u201cchantaje\u201d o un delito de \u201cconstre\u00f1imiento\u201d. Con ello, el polic\u00eda en realidad presion\u00f3 al taxista para que arreglara el pleito. Se trata, en su opini\u00f3n, de un ejercicio de discrecionalidad que gener\u00f3 una falta de congruencia, por llamarlo de alg\u00fan modo, entre el accidente y su soluci\u00f3n policial. Otros, m\u00e1s estrictos a\u00fan, pensaron que la legalidad exig\u00eda la imposici\u00f3n de ambas multas (invasi\u00f3n y remarcado) y que el polic\u00eda no contaba con la discrecionalidad sancionatoria para \u201cobviar\u201d alguna de las dos faltas.<\/p>\n\n\n\n<p>En una interpretaci\u00f3n interesante de al menos dos lectores, piensan que la violaci\u00f3n de la legalidad es parte de un patr\u00f3n de prejuicio policial en contra de los \u201camarillos\u201d e insin\u00faan que implica un favorecimiento al otro ciudadano (el suscrito), pero sin mencionar expl\u00edcitamente los prejuicios subyacentes. De sus textos se infiere, sin embargo, que piensan que los polic\u00edas son tendenciosos frente a los taxistas siguiendo irreflexivamente la m\u00e1xima seg\u00fan la cual \u201ctaxista ten\u00eda que ser\u2026\u201d.<\/p>\n\n\n\n<p>Para la otra posici\u00f3n, y cito en extenso, \u201cla aplicaci\u00f3n de las normas y el ejercicio de las potestades de las autoridades investidas de alguna competencia para la soluci\u00f3n de las controversias peque\u00f1as y diarias que hacen la vida en comunidad, construyen la confianza, afianzan los proyectos comunes y permiten la fluidez de las relaciones negociales [\u2026]. En este campo de la cotidianidad, la respuesta oportuna y eficaz de la autoridad estatal para la resoluci\u00f3n de nuestros conflictos representa la fortaleza de la institucionalidad y la paz social. Mucho tenemos que avanzar en Colombia en la definici\u00f3n creativa de modelos de justicia r\u00e1pida, cumplida y eficiente\u201d.<\/p>\n\n\n\n<p>Dentro de esta l\u00ednea argumentativa, algunos lectores pensaron que \u201cen eso consiste la conciliaci\u00f3n, que podamos ceder algo de lo que nos pertenece, sin que se afecte nuestra dignidad. Un peque\u00f1o accidente pudo desencadenar en un costoso juicio para cada una de las partes. La funci\u00f3n del derecho es entre muchas, la de facilitar los acuerdos. En mi concepto el polic\u00eda obr\u00f3 correctamente\u201d.<\/p>\n\n\n\n<p>Entre los que as\u00ed opinaron, sin embargo, hay un desacuerdo que yo llamar\u00eda \u201cte\u00f3rico\u201d: para algunos, este ejercicio de la discrecionalidad manifiesta el despliegue del sentido com\u00fan, de la experiencia, de una cierta equidad natural en oposici\u00f3n de lo que ellos caracterizaron como \u201cderecho\u201d; en esta versi\u00f3n el polic\u00eda us\u00f3 el \u201csentido com\u00fan\u201d que consideran \u201cextralegal\u201d, pero no lo ven reprochable. Su uso no es legal, pero es prudente, sensato, etc. Para otros, en cambio, este ejercicio de conciliaci\u00f3n en la calle est\u00e1 mandado y posibilitado por el derecho positivo y no es extralegal. La funci\u00f3n de la polic\u00eda es prevenir conflictos; la ponderaci\u00f3n de valores en juego qued\u00f3 bien realizada porque el polic\u00eda cumpli\u00f3 con su funci\u00f3n de facilitar la movilidad sin detenerse excesivamente en un accidente menor que ayud\u00f3 a resolver r\u00e1pida y sensatamente. Incluso alg\u00fan lector afirma que el ejercicio de ponderaci\u00f3n se parece mucho a los realizados por la Corte Constitucional y que ello refleja a un agente de polic\u00eda activo e inteligente.<\/p>\n\n\n\n<p>Como se ve, pues, existe variedad de opiniones entre los lectores. Este peque\u00f1o ejercicio muestra que no solo tenemos desacuerdos sobre el significado de normas particulares tal y como se aplican a casos complejos. Este caso demuestra que, como ciudadanos, tenemos tambi\u00e9n desacuerdos sobre nuestro concepto de derecho y de autoridad. Este desacuerdo es mucho m\u00e1s profundo y radical. No tenemos que tener necesariamente la misma opini\u00f3n al respecto: autores de teor\u00eda jur\u00eddica contempor\u00e1nea como Ronald Dworkin y Jeremy Waldron reflexionan sobre este desacuerdo de base y llegan a conclusiones opuestas: Dworkin piensa que se puede superar porque una de estas concepciones (quiz\u00e1s la segunda de las expuestas) es te\u00f3ricamente superior a la otra; Waldron piensa que el conflicto es irreductible y que parte del fen\u00f3meno de lo jur\u00eddico consiste en que opera a pesar de desacuerdos ciudadanos fundamentales sobre cu\u00e1l es el concepto de derecho. Si es cierto, entonces, que tenemos diferentes concepciones de lo jur\u00eddico, de ello se sigue que hacer un poquito de filosof\u00eda del derecho no es, despu\u00e9s de todo, una perdedera de tiempo\u2026<\/p>\n","protected":false},"excerpt":{"rendered":"<p>En la columna anterior cont\u00e9 los detalles de un choque simple de tr\u00e1nsito en el que me vi involucrado y la forma como lo resolvi\u00f3 un polic\u00eda que fue testigo&hellip;<\/p>\n","protected":false},"author":1,"featured_media":109,"comment_status":"open","ping_status":"open","sticky":false,"template":"","format":"standard","meta":[],"categories":[1],"tags":[],"_links":{"self":[{"href":"https:\/\/diegolopezmedina.net\/prensa\/index.php\/wp-json\/wp\/v2\/posts\/108"}],"collection":[{"href":"https:\/\/diegolopezmedina.net\/prensa\/index.php\/wp-json\/wp\/v2\/posts"}],"about":[{"href":"https:\/\/diegolopezmedina.net\/prensa\/index.php\/wp-json\/wp\/v2\/types\/post"}],"author":[{"embeddable":true,"href":"https:\/\/diegolopezmedina.net\/prensa\/index.php\/wp-json\/wp\/v2\/users\/1"}],"replies":[{"embeddable":true,"href":"https:\/\/diegolopezmedina.net\/prensa\/index.php\/wp-json\/wp\/v2\/comments?post=108"}],"version-history":[{"count":1,"href":"https:\/\/diegolopezmedina.net\/prensa\/index.php\/wp-json\/wp\/v2\/posts\/108\/revisions"}],"predecessor-version":[{"id":110,"href":"https:\/\/diegolopezmedina.net\/prensa\/index.php\/wp-json\/wp\/v2\/posts\/108\/revisions\/110"}],"wp:featuredmedia":[{"embeddable":true,"href":"https:\/\/diegolopezmedina.net\/prensa\/index.php\/wp-json\/wp\/v2\/media\/109"}],"wp:attachment":[{"href":"https:\/\/diegolopezmedina.net\/prensa\/index.php\/wp-json\/wp\/v2\/media?parent=108"}],"wp:term":[{"taxonomy":"category","embeddable":true,"href":"https:\/\/diegolopezmedina.net\/prensa\/index.php\/wp-json\/wp\/v2\/categories?post=108"},{"taxonomy":"post_tag","embeddable":true,"href":"https:\/\/diegolopezmedina.net\/prensa\/index.php\/wp-json\/wp\/v2\/tags?post=108"}],"curies":[{"name":"wp","href":"https:\/\/api.w.org\/{rel}","templated":true}]}}